{"id":6005,"date":"2024-10-07T14:50:55","date_gmt":"2024-10-07T12:50:55","guid":{"rendered":"https:\/\/www.lfs-bonn.de\/?p=6005"},"modified":"2024-10-07T14:50:57","modified_gmt":"2024-10-07T12:50:57","slug":"delf-pruefungen-erfolgreich-abgelegt","status":"publish","type":"post","link":"https:\/\/www.lfs-bonn.de\/?p=6005","title":{"rendered":"DELF-Pr\u00fcfungen erfolgreich abgelegt"},"content":{"rendered":"\n<p>Auch im vergangenen Schuljahr haben wieder einige Sch\u00fclerinnen der Stufen 9 und 10 mit z.T.<br>ganz hervorragenden Ergebnissen die international anerkannte DELF-Pr\u00fcfung abgelegt und<br>damit nicht nur ihre Beherrschung der franz\u00f6sischen Sprache, sondern auch besonderes<br>Engagement bewiesen. F\u00fcr das Niveau A2 waren dies Annah\u00ed Cruz Villanueva, Emilia Klassen<br>und Sophie Menzen, f\u00fcr das Niveau B1 Sounia El-Fayda, Charlotte Schnabel und Evita Selena Valencia. Wir freuen uns mit unseren Sch\u00fclerinnen und gratulieren herzlich!<\/p>\n\n\n\n<figure class=\"wp-block-image size-large\"><img loading=\"lazy\" decoding=\"async\" width=\"1024\" height=\"768\" src=\"https:\/\/www.lfs-bonn.de\/wp-content\/uploads\/IMG_0392-1-1024x768.jpeg\" alt=\"\" class=\"wp-image-6006\" srcset=\"https:\/\/www.lfs-bonn.de\/wp-content\/uploads\/IMG_0392-1-1024x768.jpeg 1024w, https:\/\/www.lfs-bonn.de\/wp-content\/uploads\/IMG_0392-1-300x225.jpeg 300w, https:\/\/www.lfs-bonn.de\/wp-content\/uploads\/IMG_0392-1-768x576.jpeg 768w, https:\/\/www.lfs-bonn.de\/wp-content\/uploads\/IMG_0392-1-1536x1152.jpeg 1536w, https:\/\/www.lfs-bonn.de\/wp-content\/uploads\/IMG_0392-1-2048x1536.jpeg 2048w, https:\/\/www.lfs-bonn.de\/wp-content\/uploads\/IMG_0392-1-100x75.jpeg 100w, https:\/\/www.lfs-bonn.de\/wp-content\/uploads\/IMG_0392-1-1200x900.jpeg 1200w\" sizes=\"(max-width: 1024px) 100vw, 1024px\" \/><\/figure>\n","protected":false},"excerpt":{"rendered":"<p>Auch im vergangenen Schuljahr haben wieder einige Sch\u00fclerinnen der Stufen 9 und 10 mit z.T.ganz hervorragenden Ergebnissen die international anerkannte DELF-Pr\u00fcfung abgelegt unddamit nicht nur ihre Beherrschung der franz\u00f6sischen Sprache, sondern auch besonderesEngagement bewiesen. F\u00fcr das Niveau A2 waren dies Annah\u00ed Cruz Villanueva, Emilia Klassenund Sophie Menzen, f\u00fcr das Niveau B1 Sounia El-Fayda, Charlotte Schnabel und Evita Selena Valencia. Wir &#8230; <\/p>\n<div><a href=\"https:\/\/www.lfs-bonn.de\/?p=6005\" class=\"more-link\">Read More<\/a><\/div>\n","protected":false},"author":6,"featured_media":0,"comment_status":"closed","ping_status":"open","sticky":false,"template":"","format":"standard","meta":{"footnotes":""},"categories":[17],"tags":[],"class_list":["post-6005","post","type-post","status-publish","format-standard","hentry","category-aktuell","no-post-thumbnail"],"_links":{"self":[{"href":"https:\/\/www.lfs-bonn.de\/index.php?rest_route=\/wp\/v2\/posts\/6005"}],"collection":[{"href":"https:\/\/www.lfs-bonn.de\/index.php?rest_route=\/wp\/v2\/posts"}],"about":[{"href":"https:\/\/www.lfs-bonn.de\/index.php?rest_route=\/wp\/v2\/types\/post"}],"author":[{"embeddable":true,"href":"https:\/\/www.lfs-bonn.de\/index.php?rest_route=\/wp\/v2\/users\/6"}],"replies":[{"embeddable":true,"href":"https:\/\/www.lfs-bonn.de\/index.php?rest_route=%2Fwp%2Fv2%2Fcomments&post=6005"}],"version-history":[{"count":1,"href":"https:\/\/www.lfs-bonn.de\/index.php?rest_route=\/wp\/v2\/posts\/6005\/revisions"}],"predecessor-version":[{"id":6007,"href":"https:\/\/www.lfs-bonn.de\/index.php?rest_route=\/wp\/v2\/posts\/6005\/revisions\/6007"}],"wp:attachment":[{"href":"https:\/\/www.lfs-bonn.de\/index.php?rest_route=%2Fwp%2Fv2%2Fmedia&parent=6005"}],"wp:term":[{"taxonomy":"category","embeddable":true,"href":"https:\/\/www.lfs-bonn.de\/index.php?rest_route=%2Fwp%2Fv2%2Fcategories&post=6005"},{"taxonomy":"post_tag","embeddable":true,"href":"https:\/\/www.lfs-bonn.de\/index.php?rest_route=%2Fwp%2Fv2%2Ftags&post=6005"}],"curies":[{"name":"wp","href":"https:\/\/api.w.org\/{rel}","templated":true}]}}