{"id":6041,"date":"2024-11-07T12:55:35","date_gmt":"2024-11-07T11:55:35","guid":{"rendered":"https:\/\/www.lfs-bonn.de\/?p=6041"},"modified":"2024-11-07T15:12:54","modified_gmt":"2024-11-07T14:12:54","slug":"wir-gratulieren-unseren-sechsten-klassen-zum-ersten-platz-beim-martinsfackelwettbewerb","status":"publish","type":"post","link":"https:\/\/www.lfs-bonn.de\/?p=6041","title":{"rendered":"Wir gratulieren unseren sechsten Klassen zum Ersten Platz beim Martinsfackelwettbewerb!"},"content":{"rendered":"\n<p>Mit der diesj\u00e4hrigen Martinslaterne haben die Sch\u00fclerinnen der Klassen 6a und 6b in guter Tradition wunderbare Laternen gebastelt. Unter Anleitung von Frau Hansen und Frau Stollfu\u00df entstand eine Bildgeschichte zum Thema \u201e<em>Unseren Lebensraum teilen<\/em>\u201c. Die Sch\u00fclerinnen gestalteten jeweils zu einer selbst verfassten Geschichte vier Bildtafeln und befestigten diese in dem dreidimensionalen Leuchtk\u00f6rper. Die individuellen Geschichten erz\u00e4hlen von Abenteuern mit faszinierenden Tieren und Pflanzen, mit denen wir unseren vielf\u00e4ltigen Planeten Erde teilen.<\/p>\n\n\n\n<figure class=\"wp-block-gallery has-nested-images columns-default is-cropped wp-block-gallery-1 is-layout-flex wp-block-gallery-is-layout-flex\">\n<figure class=\"wp-block-image size-large\"><img loading=\"lazy\" decoding=\"async\" width=\"851\" height=\"1024\" data-id=\"6043\" src=\"https:\/\/www.lfs-bonn.de\/wp-content\/uploads\/PHOTO-2024-11-06-19-16-54-851x1024.jpg\" alt=\"\" class=\"wp-image-6043\" srcset=\"https:\/\/www.lfs-bonn.de\/wp-content\/uploads\/PHOTO-2024-11-06-19-16-54-851x1024.jpg 851w, https:\/\/www.lfs-bonn.de\/wp-content\/uploads\/PHOTO-2024-11-06-19-16-54-249x300.jpg 249w, https:\/\/www.lfs-bonn.de\/wp-content\/uploads\/PHOTO-2024-11-06-19-16-54-768x924.jpg 768w, https:\/\/www.lfs-bonn.de\/wp-content\/uploads\/PHOTO-2024-11-06-19-16-54-1277x1536.jpg 1277w, https:\/\/www.lfs-bonn.de\/wp-content\/uploads\/PHOTO-2024-11-06-19-16-54-100x120.jpg 100w, https:\/\/www.lfs-bonn.de\/wp-content\/uploads\/PHOTO-2024-11-06-19-16-54-1200x1443.jpg 1200w, https:\/\/www.lfs-bonn.de\/wp-content\/uploads\/PHOTO-2024-11-06-19-16-54.jpg 1331w\" sizes=\"(max-width: 851px) 100vw, 851px\" \/><\/figure>\n\n\n\n<figure class=\"wp-block-image size-large\"><img loading=\"lazy\" decoding=\"async\" width=\"997\" height=\"1024\" data-id=\"6061\" src=\"https:\/\/www.lfs-bonn.de\/wp-content\/uploads\/PHOTO-2024-11-07-13-35-12-997x1024.jpg\" alt=\"\" class=\"wp-image-6061\" srcset=\"https:\/\/www.lfs-bonn.de\/wp-content\/uploads\/PHOTO-2024-11-07-13-35-12-997x1024.jpg 997w, https:\/\/www.lfs-bonn.de\/wp-content\/uploads\/PHOTO-2024-11-07-13-35-12-292x300.jpg 292w, https:\/\/www.lfs-bonn.de\/wp-content\/uploads\/PHOTO-2024-11-07-13-35-12-768x789.jpg 768w, https:\/\/www.lfs-bonn.de\/wp-content\/uploads\/PHOTO-2024-11-07-13-35-12-100x103.jpg 100w, https:\/\/www.lfs-bonn.de\/wp-content\/uploads\/PHOTO-2024-11-07-13-35-12.jpg 1020w\" sizes=\"(max-width: 997px) 100vw, 997px\" \/><figcaption class=\"wp-element-caption\">Willkommen im Dschungel?<\/figcaption><\/figure>\n\n\n\n<figure class=\"wp-block-image size-large\"><img loading=\"lazy\" decoding=\"async\" width=\"813\" height=\"1024\" data-id=\"6057\" src=\"https:\/\/www.lfs-bonn.de\/wp-content\/uploads\/PHOTO-2024-11-06-16-35-36-813x1024.jpg\" alt=\"\" class=\"wp-image-6057\" srcset=\"https:\/\/www.lfs-bonn.de\/wp-content\/uploads\/PHOTO-2024-11-06-16-35-36-813x1024.jpg 813w, https:\/\/www.lfs-bonn.de\/wp-content\/uploads\/PHOTO-2024-11-06-16-35-36-238x300.jpg 238w, https:\/\/www.lfs-bonn.de\/wp-content\/uploads\/PHOTO-2024-11-06-16-35-36-768x968.jpg 768w, https:\/\/www.lfs-bonn.de\/wp-content\/uploads\/PHOTO-2024-11-06-16-35-36-100x126.jpg 100w, https:\/\/www.lfs-bonn.de\/wp-content\/uploads\/PHOTO-2024-11-06-16-35-36.jpg 1103w\" sizes=\"(max-width: 813px) 100vw, 813px\" \/><figcaption class=\"wp-element-caption\">Artenvielfalt<\/figcaption><\/figure>\n<\/figure>\n\n\n\n<p>Je dunkler es beim Zug durch die Bonner Innenstadt wurde, desto detailreicher strahlten die Laternen und es kamen jene kreativen Tiergestalten und gr\u00fcn-erdigen Landschaften zum Vorschein.\u00a0<\/p>\n\n\n\n<figure class=\"wp-block-gallery has-nested-images columns-default is-cropped wp-block-gallery-2 is-layout-flex wp-block-gallery-is-layout-flex\">\n<figure class=\"wp-block-image size-large\"><img loading=\"lazy\" decoding=\"async\" width=\"1024\" height=\"656\" data-id=\"6062\" src=\"https:\/\/www.lfs-bonn.de\/wp-content\/uploads\/PHOTO-2024-11-07-13-35-36-2-1024x656.jpg\" alt=\"\" class=\"wp-image-6062\" srcset=\"https:\/\/www.lfs-bonn.de\/wp-content\/uploads\/PHOTO-2024-11-07-13-35-36-2-1024x656.jpg 1024w, https:\/\/www.lfs-bonn.de\/wp-content\/uploads\/PHOTO-2024-11-07-13-35-36-2-300x192.jpg 300w, https:\/\/www.lfs-bonn.de\/wp-content\/uploads\/PHOTO-2024-11-07-13-35-36-2-768x492.jpg 768w, https:\/\/www.lfs-bonn.de\/wp-content\/uploads\/PHOTO-2024-11-07-13-35-36-2-100x64.jpg 100w, https:\/\/www.lfs-bonn.de\/wp-content\/uploads\/PHOTO-2024-11-07-13-35-36-2-1200x768.jpg 1200w, https:\/\/www.lfs-bonn.de\/wp-content\/uploads\/PHOTO-2024-11-07-13-35-36-2.jpg 1515w\" sizes=\"(max-width: 1024px) 100vw, 1024px\" \/><\/figure>\n\n\n\n<figure class=\"wp-block-image size-large\"><img loading=\"lazy\" decoding=\"async\" width=\"1024\" height=\"768\" data-id=\"6065\" src=\"https:\/\/www.lfs-bonn.de\/wp-content\/uploads\/PHOTO-2024-11-07-13-35-37-1-1024x768.jpg\" alt=\"\" class=\"wp-image-6065\" srcset=\"https:\/\/www.lfs-bonn.de\/wp-content\/uploads\/PHOTO-2024-11-07-13-35-37-1-1024x768.jpg 1024w, https:\/\/www.lfs-bonn.de\/wp-content\/uploads\/PHOTO-2024-11-07-13-35-37-1-300x225.jpg 300w, https:\/\/www.lfs-bonn.de\/wp-content\/uploads\/PHOTO-2024-11-07-13-35-37-1-768x576.jpg 768w, https:\/\/www.lfs-bonn.de\/wp-content\/uploads\/PHOTO-2024-11-07-13-35-37-1-1536x1153.jpg 1536w, https:\/\/www.lfs-bonn.de\/wp-content\/uploads\/PHOTO-2024-11-07-13-35-37-1-100x75.jpg 100w, https:\/\/www.lfs-bonn.de\/wp-content\/uploads\/PHOTO-2024-11-07-13-35-37-1-1200x901.jpg 1200w, https:\/\/www.lfs-bonn.de\/wp-content\/uploads\/PHOTO-2024-11-07-13-35-37-1.jpg 1599w\" sizes=\"(max-width: 1024px) 100vw, 1024px\" \/><\/figure>\n\n\n\n<figure class=\"wp-block-image size-large\"><img loading=\"lazy\" decoding=\"async\" width=\"844\" height=\"1024\" data-id=\"6056\" src=\"https:\/\/www.lfs-bonn.de\/wp-content\/uploads\/PHOTO-2024-11-07-13-35-13-844x1024.jpg\" alt=\"\" class=\"wp-image-6056\" srcset=\"https:\/\/www.lfs-bonn.de\/wp-content\/uploads\/PHOTO-2024-11-07-13-35-13-844x1024.jpg 844w, https:\/\/www.lfs-bonn.de\/wp-content\/uploads\/PHOTO-2024-11-07-13-35-13-247x300.jpg 247w, https:\/\/www.lfs-bonn.de\/wp-content\/uploads\/PHOTO-2024-11-07-13-35-13-768x932.jpg 768w, https:\/\/www.lfs-bonn.de\/wp-content\/uploads\/PHOTO-2024-11-07-13-35-13-100x121.jpg 100w, https:\/\/www.lfs-bonn.de\/wp-content\/uploads\/PHOTO-2024-11-07-13-35-13.jpg 1169w\" sizes=\"(max-width: 844px) 100vw, 844px\" \/><\/figure>\n<\/figure>\n\n\n\n<p>Ob es nun die wunderbaren Laternen waren oder aber die auffallend gut gelaunten, fr\u00f6hlichen und laut singenden M\u00e4dchen \u2013 egal: Die Jury kam zum einstimmigen Ergebnis: Erster Platz f\u00fcr die LFS und 250 Euro Preisgeld wandern in die entsprechenden Klassenkassen.&nbsp;<\/p>\n\n\n\n<div class=\"wp-block-media-text is-stacked-on-mobile\"><figure class=\"wp-block-media-text__media\"><img loading=\"lazy\" decoding=\"async\" width=\"750\" height=\"1024\" src=\"https:\/\/www.lfs-bonn.de\/wp-content\/uploads\/PHOTO-2024-11-06-17-59-21-1-750x1024.jpg\" alt=\"\" class=\"wp-image-6066 size-full\" srcset=\"https:\/\/www.lfs-bonn.de\/wp-content\/uploads\/PHOTO-2024-11-06-17-59-21-1-750x1024.jpg 750w, https:\/\/www.lfs-bonn.de\/wp-content\/uploads\/PHOTO-2024-11-06-17-59-21-1-220x300.jpg 220w, https:\/\/www.lfs-bonn.de\/wp-content\/uploads\/PHOTO-2024-11-06-17-59-21-1-768x1048.jpg 768w, https:\/\/www.lfs-bonn.de\/wp-content\/uploads\/PHOTO-2024-11-06-17-59-21-1-1125x1536.jpg 1125w, https:\/\/www.lfs-bonn.de\/wp-content\/uploads\/PHOTO-2024-11-06-17-59-21-1-100x137.jpg 100w, https:\/\/www.lfs-bonn.de\/wp-content\/uploads\/PHOTO-2024-11-06-17-59-21-1-1200x1638.jpg 1200w, https:\/\/www.lfs-bonn.de\/wp-content\/uploads\/PHOTO-2024-11-06-17-59-21-1.jpg 1350w\" sizes=\"(max-width: 750px) 100vw, 750px\" \/><\/figure><div class=\"wp-block-media-text__content\">\n<p>Danke an die beiden Kunstlehrerinnen Frau Hansen und Frau Stollfu\u00df, wie auch die begleitenden KlassenlehrerInnen und alle, die zum Gelingen beigetragen haben, zum Beispiel Herrn Nix, der als Tr\u00e4ger des LFS-Schildes vorneweg ging. Ein kleiner Trauerflor schm\u00fcckte das Schild, um zum Ausdruck zu bringen, dass die LFS zum letzten Mal beim gro\u00dfen Bonner Martinszug dabei war.&nbsp;<\/p>\n\n\n\n<p>Besonderer Dank geht an die wunderbaren M\u00e4dchen, die so ein positives, strahlendes Bild abgegeben haben.&nbsp;<\/p>\n\n\n\n<p><em>(Text: Nolte, P\u00fctz \/ Fotos:<\/em> LFS)<\/p>\n<\/div><\/div>\n\n\n\n<figure class=\"wp-block-gallery aligncenter has-nested-images columns-default is-cropped wp-block-gallery-3 is-layout-flex wp-block-gallery-is-layout-flex\"><\/figure>\n","protected":false},"excerpt":{"rendered":"<p>Mit der diesj\u00e4hrigen Martinslaterne haben die Sch\u00fclerinnen der Klassen 6a und 6b in guter Tradition wunderbare Laternen gebastelt. Unter Anleitung von Frau Hansen und Frau Stollfu\u00df entstand eine Bildgeschichte zum Thema \u201eUnseren Lebensraum teilen\u201c. Die Sch\u00fclerinnen gestalteten jeweils zu einer selbst verfassten Geschichte vier Bildtafeln und befestigten diese in dem dreidimensionalen Leuchtk\u00f6rper. Die individuellen Geschichten erz\u00e4hlen von Abenteuern mit faszinierenden &#8230; <\/p>\n<div><a href=\"https:\/\/www.lfs-bonn.de\/?p=6041\" class=\"more-link\">Read More<\/a><\/div>\n","protected":false},"author":5,"featured_media":0,"comment_status":"closed","ping_status":"open","sticky":false,"template":"","format":"standard","meta":{"footnotes":""},"categories":[17],"tags":[],"class_list":["post-6041","post","type-post","status-publish","format-standard","hentry","category-aktuell","no-post-thumbnail"],"_links":{"self":[{"href":"https:\/\/www.lfs-bonn.de\/index.php?rest_route=\/wp\/v2\/posts\/6041"}],"collection":[{"href":"https:\/\/www.lfs-bonn.de\/index.php?rest_route=\/wp\/v2\/posts"}],"about":[{"href":"https:\/\/www.lfs-bonn.de\/index.php?rest_route=\/wp\/v2\/types\/post"}],"author":[{"embeddable":true,"href":"https:\/\/www.lfs-bonn.de\/index.php?rest_route=\/wp\/v2\/users\/5"}],"replies":[{"embeddable":true,"href":"https:\/\/www.lfs-bonn.de\/index.php?rest_route=%2Fwp%2Fv2%2Fcomments&post=6041"}],"version-history":[{"count":9,"href":"https:\/\/www.lfs-bonn.de\/index.php?rest_route=\/wp\/v2\/posts\/6041\/revisions"}],"predecessor-version":[{"id":6069,"href":"https:\/\/www.lfs-bonn.de\/index.php?rest_route=\/wp\/v2\/posts\/6041\/revisions\/6069"}],"wp:attachment":[{"href":"https:\/\/www.lfs-bonn.de\/index.php?rest_route=%2Fwp%2Fv2%2Fmedia&parent=6041"}],"wp:term":[{"taxonomy":"category","embeddable":true,"href":"https:\/\/www.lfs-bonn.de\/index.php?rest_route=%2Fwp%2Fv2%2Fcategories&post=6041"},{"taxonomy":"post_tag","embeddable":true,"href":"https:\/\/www.lfs-bonn.de\/index.php?rest_route=%2Fwp%2Fv2%2Ftags&post=6041"}],"curies":[{"name":"wp","href":"https:\/\/api.w.org\/{rel}","templated":true}]}}