{"id":6225,"date":"2025-04-01T18:14:58","date_gmt":"2025-04-01T16:14:58","guid":{"rendered":"https:\/\/www.lfs-bonn.de\/?p=6225"},"modified":"2025-04-01T18:15:00","modified_gmt":"2025-04-01T16:15:00","slug":"gedenkstaettenfahrt-nach-wien-und-mauthausen-erinnern-fuer-die-zukunft","status":"publish","type":"post","link":"https:\/\/www.lfs-bonn.de\/?p=6225","title":{"rendered":"Gedenkst\u00e4ttenfahrt nach Wien und Mauthausen &#8211; Erinnern f\u00fcr die Zukunft"},"content":{"rendered":"\n<p>Vom 27. Februar bis zum 4. M\u00e4rz 2025 begaben sich 24 Sch\u00fclerinnen der Jahrgangsstufen 10 und EF auf eine eindrucksvolle Gedenkst\u00e4ttenfahrt nach Wien und Mauthausen. Begleitet von Frau R\u00fcter, Herrn Neu, Frau Sommershof und unterst\u00fctzt vor Ort durch eine Tagungsleitung der Konrad-Adenauer-Stiftung, setzten sie sich intensiv mit der Geschichte des Nationalsozialismus auseinander und besuchten unter anderem historische St\u00e4dte und Erinnerungsorte in Wien sowie Ober- und Nieder\u00f6sterreich, wie z.B. die KZ-Gedenkst\u00e4tte Mauthausen. Der Besuch dieser historischen St\u00e4tten erm\u00f6glichte den Teilnehmerinnen, ein tieferes Verst\u00e4ndnis f\u00fcr die Bedeutung von Erinnerung und Verantwortung im Umgang mit dieser dunklen Zeit zu entwickeln.<\/p>\n\n\n\n<p>Ein herzlicher Dank gilt neben dem Freundeskreis der Liebfrauenschule Bonn vor allem der Konrad-Adenauer-Stiftung f\u00fcr die gelungene Planung und F\u00f6rderung der Fahrt.<\/p>\n\n\n\n<p>Einen detaillierteren Einblick in die Eindr\u00fccke und Erlebnisse an den einzelnen Tagen geben die folgenden Tagesberichte der Sch\u00fclerinnen:<\/p>\n\n\n\n<p><strong>Erster Tag&nbsp;<\/strong><\/p>\n\n\n<div class=\"wp-block-image\">\n<figure class=\"alignright size-large is-resized\"><img loading=\"lazy\" decoding=\"async\" width=\"1024\" height=\"773\" src=\"https:\/\/www.lfs-bonn.de\/wp-content\/uploads\/Wien-6-1024x773.jpg\" alt=\"\" class=\"wp-image-6219\" style=\"width:468px;height:auto\" srcset=\"https:\/\/www.lfs-bonn.de\/wp-content\/uploads\/Wien-6-1024x773.jpg 1024w, https:\/\/www.lfs-bonn.de\/wp-content\/uploads\/Wien-6-300x226.jpg 300w, https:\/\/www.lfs-bonn.de\/wp-content\/uploads\/Wien-6-768x579.jpg 768w, https:\/\/www.lfs-bonn.de\/wp-content\/uploads\/Wien-6-1536x1159.jpg 1536w, https:\/\/www.lfs-bonn.de\/wp-content\/uploads\/Wien-6-2048x1545.jpg 2048w, https:\/\/www.lfs-bonn.de\/wp-content\/uploads\/Wien-6-100x75.jpg 100w, https:\/\/www.lfs-bonn.de\/wp-content\/uploads\/Wien-6-1200x905.jpg 1200w\" sizes=\"(max-width: 1024px) 100vw, 1024px\" \/><\/figure><\/div>\n\n\n<p>An Weiberfastnacht um 7 Uhr morgens ging es f\u00fcr eine Gruppe von Sch\u00fclerinnen aus der 10. Klasse und der EF auf Gedenkst\u00e4ttenfahrt nach Wien. Nach einer langen, aber lustigen Busfahrt erreichten wir endlich das Ziel. Um direkt erste Eindr\u00fccke von Wien zu sammeln, haben wir einen kleinen Spaziergang gemacht, auf dem wir viele Sehensw\u00fcrdigkeiten gesehen haben. Das gr\u00f6\u00dfte Highlight war dabei der Wiener Opernball, der nur einmal im Jahr stattfindet. Mit vielen anderen fotografierenden Menschen standen wir direkt vor dem roten Teppich und haben viele schicke Kleider und ber\u00fchmte Pers\u00f6nlichkeiten, wie den \u00f6sterreichischen Pr\u00e4sidenten, gesehen. Schlie\u00dflich sind alle m\u00fcde ins Bett gegangen<\/p>\n\n\n\n<p><strong>Zweiter Tag<\/strong><\/p>\n\n\n\n<p>Es war der 28.02.25 und damit der zweite Tag der Gedenkst\u00e4ttenfahrt in Wien. Unser Wecker hat um 6:30 geklingelt, dann haben wir uns fertig gemacht und gefr\u00fchst\u00fcckt. Um 08:30 sind wir mit der U-Bahn zum Stephansplatz gefahren, da wir zu fr\u00fch waren, durften wir ein bisschen herumspazieren und haben uns den Stephansdom angeschaut. Um 08:55 haben wir uns vor dem J\u00fcdischen Museum wieder getroffen. Im J\u00fcdischen Museum hatten wir anschlie\u00dfend einen Workshop. Acht Freiwillige lie\u00dfen sich die Augen verbinden, w\u00e4hrend acht andere Sch\u00fclerinnen Gegenst\u00e4nde beschreiben mussten. Die Freiwilligen, die die Gegenst\u00e4nde nicht sehen konnten, mussten die Gegenst\u00e4nde der Beschreibung gem\u00e4\u00df aufmalen. Genauso interessant und spannend ging der Workshop weiter. Danach hatten wir eine Pause, in der wir Schnitzel essen waren. Au\u00dferdem waren wir noch in Gesch\u00e4ften und haben uns in einem s\u00fc\u00dfen Caf\u00e9 einen Matcha geholt. Uns ist aufgefallen, dass die Menschen, die in Wien wohnen, sehr unterschiedlich sind, wobei wir sehr vielen offenen und freundlichen Menschen begegnet sind.<\/p>\n\n\n\n<figure class=\"wp-block-gallery has-nested-images columns-default is-cropped wp-block-gallery-1 is-layout-flex wp-block-gallery-is-layout-flex\">\n<figure class=\"wp-block-image size-large\"><img loading=\"lazy\" decoding=\"async\" width=\"1024\" height=\"576\" data-id=\"6223\" src=\"https:\/\/www.lfs-bonn.de\/wp-content\/uploads\/Wien-2-1024x576.jpg\" alt=\"\" class=\"wp-image-6223\" srcset=\"https:\/\/www.lfs-bonn.de\/wp-content\/uploads\/Wien-2-1024x576.jpg 1024w, https:\/\/www.lfs-bonn.de\/wp-content\/uploads\/Wien-2-300x169.jpg 300w, https:\/\/www.lfs-bonn.de\/wp-content\/uploads\/Wien-2-768x432.jpg 768w, https:\/\/www.lfs-bonn.de\/wp-content\/uploads\/Wien-2-1536x864.jpg 1536w, https:\/\/www.lfs-bonn.de\/wp-content\/uploads\/Wien-2-100x56.jpg 100w, https:\/\/www.lfs-bonn.de\/wp-content\/uploads\/Wien-2-1200x675.jpg 1200w, https:\/\/www.lfs-bonn.de\/wp-content\/uploads\/Wien-2.jpg 2016w\" sizes=\"(max-width: 1024px) 100vw, 1024px\" \/><\/figure>\n\n\n\n<figure class=\"wp-block-image size-large\"><img loading=\"lazy\" decoding=\"async\" width=\"768\" height=\"1024\" data-id=\"6215\" src=\"https:\/\/www.lfs-bonn.de\/wp-content\/uploads\/Wien-10-768x1024.jpg\" alt=\"\" class=\"wp-image-6215\" srcset=\"https:\/\/www.lfs-bonn.de\/wp-content\/uploads\/Wien-10-768x1024.jpg 768w, https:\/\/www.lfs-bonn.de\/wp-content\/uploads\/Wien-10-225x300.jpg 225w, https:\/\/www.lfs-bonn.de\/wp-content\/uploads\/Wien-10-1152x1536.jpg 1152w, https:\/\/www.lfs-bonn.de\/wp-content\/uploads\/Wien-10-100x133.jpg 100w, https:\/\/www.lfs-bonn.de\/wp-content\/uploads\/Wien-10-1200x1600.jpg 1200w, https:\/\/www.lfs-bonn.de\/wp-content\/uploads\/Wien-10.jpg 1530w\" sizes=\"(max-width: 768px) 100vw, 768px\" \/><\/figure>\n\n\n\n<figure class=\"wp-block-image size-large\"><img loading=\"lazy\" decoding=\"async\" width=\"768\" height=\"1024\" data-id=\"6217\" src=\"https:\/\/www.lfs-bonn.de\/wp-content\/uploads\/Wien-8-768x1024.jpg\" alt=\"\" class=\"wp-image-6217\" srcset=\"https:\/\/www.lfs-bonn.de\/wp-content\/uploads\/Wien-8-768x1024.jpg 768w, https:\/\/www.lfs-bonn.de\/wp-content\/uploads\/Wien-8-225x300.jpg 225w, https:\/\/www.lfs-bonn.de\/wp-content\/uploads\/Wien-8-1152x1536.jpg 1152w, https:\/\/www.lfs-bonn.de\/wp-content\/uploads\/Wien-8-100x133.jpg 100w, https:\/\/www.lfs-bonn.de\/wp-content\/uploads\/Wien-8.jpg 1200w\" sizes=\"(max-width: 768px) 100vw, 768px\" \/><\/figure>\n<\/figure>\n\n\n\n<p>Unser n\u00e4chster Programmpunkt war das Wien-Museum, bei dem wir die Geschichten von vielen Menschen aus der Zeit des Nationalsozialismus, die zum Beispiel Widerstandsk\u00e4mpfer waren, in Gruppen bearbeitet und uns dann am Ende vorgestellt haben. Es war total beeindruckend, diesen Menschen und deren Geschichte nachzugehen und wir haben viel Neues gelernt. Wir hatten bis zum Abendessen noch viel Zeit und die Lehrer hatten die Idee, dass wir zum Prater laufen k\u00f6nnten, was wir dann auch fast alle gemacht haben.Als wir wieder zur\u00fcck im Hostel waren, haben wir zu Abend gegessen und in der Gruppe mit den Lehrern \u00fcber den Tag reflektiert. Am Abend gab es das Angebot zum Rathaus und zur ber\u00fchmten Schlittschuhbahn zu fahren. Das war ein super sch\u00f6ner Anblick und ein gelungenes Ende f\u00fcr den Tag.&nbsp;<\/p>\n\n\n\n<p><strong>Dritter Tag<\/strong><\/p>\n\n\n\n<p>Am Morgen haben wir zuerst gemeinsam gefr\u00fchst\u00fcckt. Davon gest\u00e4rkt fuhren wir dann etwa zwei Stunden zur Gedenkst\u00e4tte Gusen. Auf der Fahrt konnten wir noch etwas Schlaf von der letzten Nacht nachholen. Vor Ort wurden wir von einer Gedenkst\u00e4ttenp\u00e4dagogin begr\u00fc\u00dft. Sie zeigte uns eine Pr\u00e4sentation \u00fcber das ehemalige KZ. Dann sind wir mit ihr durch das Dorf gegangen, welches auf die Baracken des KZ-Lagers gebaut wurde. Nur ein paar Geb\u00e4ude standen noch im Original dort, wie die SS- Baracken und die Steinm\u00fchle.&nbsp;&nbsp;<\/p>\n\n\n\n<p>Wir waren zugegeben ziemlich geschockt, dass die Menschen in diesem Ort kein Problem damit hatten, in genau denselben H\u00e4usern zu leben, in welchen solche Grausamkeiten begangen wurden. Auch das ehemalige Krematorium mit dem Ofen haben wir besucht. Dort haben die Angeh\u00f6rigen der Ermordeten Gedenksteine f\u00fcr ihre Lieben errichtet, was sehr bewegend war. Deshalb haben wir gemeinsam eine Schweigeminute gehalten, um diesen Menschen zu gedenken. Dann sind wir zur n\u00e4chsten Gedenkst\u00e4tte gefahren, konnten vorher aber noch im Bus Mittagspause machen. Das n\u00e4chste Ziel war das Schloss Hartheim. Hier wurden zur Zeit des Nationalsozialismus vor allem Menschen aus Pflegeanstalten ermordet, da sie vom NS-Regime als &#8222;minderwertig&#8220; und &#8222;unbrauchbar&#8220; betitelt wurden. Auch hier wurden wir sehr freundlich begr\u00fc\u00dft und bekamen zuerst eine F\u00fchrung durch die Ausstellung im zweiten Stockwerk. Wir erfuhren, wie schlecht Menschen damals aufgrund ihrer Behinderung behandelt wurden und was f\u00fcr eine Propaganda gegen sie herrschte. Danach gingen wir hinaus und sahen das Grab der Menschen, deren \u00dcberreste man gefunden hatte, als dort etwas verlegt wurde. Die Nazis hatten die Leichen damals vergraben, um ihre Spuren zu verwischen. Danach gingen wir in einen Raum, in dem die Menschen vor ihrem Tod entkleidet worden waren. Hier waren die Namen der Opfer auf Glastafeln festgehalten. Es sind nicht alle Namen der Opfer bekannt, weshalb manche Tafeln leer waren. Von dort aus f\u00fchrte ein Gang in die Gaskammern. Es war ein wirklich bedr\u00fcckendes Gef\u00fchl zu wissen, dass in dem gleichen Raum zehntausende von Menschen ermordet worden waren.&nbsp;<\/p>\n\n\n\n<p>Anschlie\u00dfend gab es noch einen Workshop \u00fcber die Macht, die Sprache hat. Wir haben uns in Kleingruppen mit verschiedenen Aspekten besch\u00e4ftigt, wie zum Beispiel, was die T\u00e4ter besch\u00f6nigend \u00fcber ihre Vergehen gesagt hatten, oder mit welchen diskriminierenden Aussagen Menschen mit Behinderung im Alltag konfrontiert wurden und werden. Dann fuhren wir wieder in unser Hostel zur\u00fcck und a\u00dfen zu Abend.<\/p>\n\n\n<div class=\"wp-block-image\">\n<figure class=\"alignright size-large is-resized\"><img loading=\"lazy\" decoding=\"async\" width=\"768\" height=\"1024\" src=\"https:\/\/www.lfs-bonn.de\/wp-content\/uploads\/Wien-7-768x1024.jpg\" alt=\"\" class=\"wp-image-6218\" style=\"width:229px;height:auto\" srcset=\"https:\/\/www.lfs-bonn.de\/wp-content\/uploads\/Wien-7-768x1024.jpg 768w, https:\/\/www.lfs-bonn.de\/wp-content\/uploads\/Wien-7-225x300.jpg 225w, https:\/\/www.lfs-bonn.de\/wp-content\/uploads\/Wien-7-1152x1536.jpg 1152w, https:\/\/www.lfs-bonn.de\/wp-content\/uploads\/Wien-7-1536x2048.jpg 1536w, https:\/\/www.lfs-bonn.de\/wp-content\/uploads\/Wien-7-100x133.jpg 100w, https:\/\/www.lfs-bonn.de\/wp-content\/uploads\/Wien-7-1200x1600.jpg 1200w, https:\/\/www.lfs-bonn.de\/wp-content\/uploads\/Wien-7-scaled.jpg 1920w\" sizes=\"(max-width: 768px) 100vw, 768px\" \/><\/figure><\/div>\n\n\n<p>Wer noch wollte, konnte sich Frau Sommershof und Frau R\u00fcter zu einem kleinen Spaziergang zum Schloss Belvedere anschlie\u00dfen. Am Abend fielen wir dann alle nur noch ersch\u00f6pft in die Betten. <\/p>\n\n\n\n<p>Es war ein sehr eindrucksvoller und emotionaler Tag gewesen und er hat noch einmal verdeutlicht, dass so etwas nie, nie wieder passieren darf.<\/p>\n\n\n\n<p><\/p>\n\n\n\n<p><\/p>\n\n\n\n<p><strong>Vierter Tag<\/strong><\/p>\n\n\n\n<p>Den vierten Tag haben wir wie immer mit dem Fr\u00fchst\u00fccken gestartet. Nachdem wir uns dann alle gest\u00e4rkt hatten, ging es f\u00fcr uns auch schon los zu unserem ersten Tagespunkt, einem Besuch des Konzentrationslagers Mauthausen. Wir hatten eine ausf\u00fchrliche F\u00fchrung \u00fcber das Gel\u00e4nde und bekamen auch einen Einblick in die unterirdisch liegenden R\u00e4ume. Wir waren alle wirklich fassungslos, als wir gesehen haben, unter welchen Umst\u00e4nden die Gefangenen dort gelebt haben. Alles war klein gehalten und aufs Wenigste reduziert. Aber am schlimmsten war nat\u00fcrlich der Gedanke, an den Orten zu stehen, wo vor noch nicht allzu vielen Jahren all die schrecklichen Dinge passiert sind. Durch den Besuch war die Stimmung danach sehr betr\u00fcbt. Aber auch dieser Besuch hat uns noch einmal verdeutlicht, wie schrecklich dieses Ereignis war und dass es sich auf keinen Fall noch einmal wiederholen darf. Von dem Konzentrationslager aus sind wir dann mit dem Bus zu unserem zweiten Tagespunkt gefahren. Da aber alle von Mauthausen noch etwas bedr\u00fcckt waren, haben wir den Programmpunkt in Melk ein wenig umge\u00e4ndert. Bevor wir zu einer weiteren wichtigen Gedenkst\u00e4tte gegangen sind, haben wir uns erstmal die sehr sch\u00f6ne Kirche von Melk angeschaut. Alle waren sprachlos von der Inneneinrichtung und der Gestaltung des Kircheninnenraums. Nach diesem eindrucksvollen Erlebnis ging es dann weiter zur Gedenkst\u00e4tte Melk. Hier haben wir auch wieder einige Informationen \u00fcber den Ort im Nationalsozialismus erfahren. Wir lernten einzelne Biografien, welche unter der gro\u00dfen Anzahl der Opfer waren, genauer kennen. Schlie\u00dflich sind wir alle zusammen mit dem Bus zur\u00fcck ins Hostel gefahren. Nach diesem sowohl k\u00f6rperlichen als auch psychisch anstrengenden Tag sind wir alle geschafft ins Bett gefallen.<\/p>\n\n\n\n<figure class=\"wp-block-gallery has-nested-images columns-default is-cropped wp-block-gallery-2 is-layout-flex wp-block-gallery-is-layout-flex\">\n<figure class=\"wp-block-image size-large\"><img loading=\"lazy\" decoding=\"async\" width=\"1024\" height=\"768\" data-id=\"6224\" src=\"https:\/\/www.lfs-bonn.de\/wp-content\/uploads\/Wien-1-1024x768.jpg\" alt=\"\" class=\"wp-image-6224\" srcset=\"https:\/\/www.lfs-bonn.de\/wp-content\/uploads\/Wien-1-1024x768.jpg 1024w, https:\/\/www.lfs-bonn.de\/wp-content\/uploads\/Wien-1-300x225.jpg 300w, https:\/\/www.lfs-bonn.de\/wp-content\/uploads\/Wien-1-768x576.jpg 768w, https:\/\/www.lfs-bonn.de\/wp-content\/uploads\/Wien-1-1536x1152.jpg 1536w, https:\/\/www.lfs-bonn.de\/wp-content\/uploads\/Wien-1-2048x1536.jpg 2048w, https:\/\/www.lfs-bonn.de\/wp-content\/uploads\/Wien-1-100x75.jpg 100w, https:\/\/www.lfs-bonn.de\/wp-content\/uploads\/Wien-1-1200x900.jpg 1200w\" sizes=\"(max-width: 1024px) 100vw, 1024px\" \/><\/figure>\n\n\n\n<figure class=\"wp-block-image size-large\"><img loading=\"lazy\" decoding=\"async\" width=\"768\" height=\"1024\" data-id=\"6220\" src=\"https:\/\/www.lfs-bonn.de\/wp-content\/uploads\/Wien-5-768x1024.jpg\" alt=\"\" class=\"wp-image-6220\" srcset=\"https:\/\/www.lfs-bonn.de\/wp-content\/uploads\/Wien-5-768x1024.jpg 768w, https:\/\/www.lfs-bonn.de\/wp-content\/uploads\/Wien-5-225x300.jpg 225w, https:\/\/www.lfs-bonn.de\/wp-content\/uploads\/Wien-5-1152x1536.jpg 1152w, https:\/\/www.lfs-bonn.de\/wp-content\/uploads\/Wien-5-1536x2048.jpg 1536w, https:\/\/www.lfs-bonn.de\/wp-content\/uploads\/Wien-5-100x133.jpg 100w, https:\/\/www.lfs-bonn.de\/wp-content\/uploads\/Wien-5-1200x1600.jpg 1200w, https:\/\/www.lfs-bonn.de\/wp-content\/uploads\/Wien-5-scaled.jpg 1920w\" sizes=\"(max-width: 768px) 100vw, 768px\" \/><\/figure>\n\n\n\n<figure class=\"wp-block-image size-large\"><img loading=\"lazy\" decoding=\"async\" width=\"768\" height=\"1024\" data-id=\"6222\" src=\"https:\/\/www.lfs-bonn.de\/wp-content\/uploads\/Wien-3-768x1024.jpg\" alt=\"\" class=\"wp-image-6222\" srcset=\"https:\/\/www.lfs-bonn.de\/wp-content\/uploads\/Wien-3-768x1024.jpg 768w, https:\/\/www.lfs-bonn.de\/wp-content\/uploads\/Wien-3-225x300.jpg 225w, https:\/\/www.lfs-bonn.de\/wp-content\/uploads\/Wien-3-1152x1536.jpg 1152w, https:\/\/www.lfs-bonn.de\/wp-content\/uploads\/Wien-3-1536x2048.jpg 1536w, https:\/\/www.lfs-bonn.de\/wp-content\/uploads\/Wien-3-100x133.jpg 100w, https:\/\/www.lfs-bonn.de\/wp-content\/uploads\/Wien-3-1200x1600.jpg 1200w, https:\/\/www.lfs-bonn.de\/wp-content\/uploads\/Wien-3-scaled.jpg 1920w\" sizes=\"(max-width: 768px) 100vw, 768px\" \/><\/figure>\n<\/figure>\n\n\n\n<p><\/p>\n\n\n\n<p><\/p>\n\n\n\n<p><strong>F\u00fcnfter Tag <\/strong><\/p>\n\n\n\n<p>Nach zwei intensiven und auch bedr\u00fcckenden Tagen in verschiedenen Konzentrationslagern wurde der Rosenmontag noch einmal in Wien selbst verbracht. Der Tag startete mit einer zweist\u00fcndigen Stadtf\u00fchrung durch die inneren Bezirke Wiens. Dabei zeigte unser Guide uns die immer noch erkennbaren Spuren des Nationalsozialismus anhand von zahlreichen Geb\u00e4uden und Denkm\u00e4lern. Unsere F\u00fchrung endete an einem gro\u00dfen Denkmal f\u00fcr die Opfer des Nationalsozialismus am Judenplatz in der N\u00e4he des Stephansdoms. Der Nachmittag stand uns ab dann zur freien Verf\u00fcgung. In Kleingruppen entdeckten wir noch einmal weitere sch\u00f6ne Ecken Wiens. Dabei gingen wir shoppen und kauften kleine Souvenirs f\u00fcr zu Hause, wie beispielsweise Gew\u00fcrze auf dem Naschmarkt oder die Wiener Manner-Waffeln. Um 16 Uhr trafen wir uns zusammen mit Herrn Neu am Wahrzeichen der Stadt Wien, dem historischen Riesenrad auf dem Prater. Bei blauem Himmel und strahlendem Sonnenschein hatten wir einen wundersch\u00f6nen Blick \u00fcber die ganze Stadt.<\/p>\n\n\n\n<figure class=\"wp-block-gallery has-nested-images columns-default is-cropped wp-block-gallery-3 is-layout-flex wp-block-gallery-is-layout-flex\">\n<figure class=\"wp-block-image size-large\"><img loading=\"lazy\" decoding=\"async\" width=\"768\" height=\"1024\" data-id=\"6216\" src=\"https:\/\/www.lfs-bonn.de\/wp-content\/uploads\/Wien-9-768x1024.jpg\" alt=\"\" class=\"wp-image-6216\" srcset=\"https:\/\/www.lfs-bonn.de\/wp-content\/uploads\/Wien-9-768x1024.jpg 768w, https:\/\/www.lfs-bonn.de\/wp-content\/uploads\/Wien-9-225x300.jpg 225w, https:\/\/www.lfs-bonn.de\/wp-content\/uploads\/Wien-9-1152x1536.jpg 1152w, https:\/\/www.lfs-bonn.de\/wp-content\/uploads\/Wien-9-100x133.jpg 100w, https:\/\/www.lfs-bonn.de\/wp-content\/uploads\/Wien-9.jpg 1200w\" sizes=\"(max-width: 768px) 100vw, 768px\" \/><\/figure>\n\n\n\n<figure class=\"wp-block-image size-large\"><img loading=\"lazy\" decoding=\"async\" width=\"768\" height=\"1024\" data-id=\"6221\" src=\"https:\/\/www.lfs-bonn.de\/wp-content\/uploads\/Wien-4-768x1024.jpg\" alt=\"\" class=\"wp-image-6221\" srcset=\"https:\/\/www.lfs-bonn.de\/wp-content\/uploads\/Wien-4-768x1024.jpg 768w, https:\/\/www.lfs-bonn.de\/wp-content\/uploads\/Wien-4-225x300.jpg 225w, https:\/\/www.lfs-bonn.de\/wp-content\/uploads\/Wien-4-1152x1536.jpg 1152w, https:\/\/www.lfs-bonn.de\/wp-content\/uploads\/Wien-4-1536x2048.jpg 1536w, https:\/\/www.lfs-bonn.de\/wp-content\/uploads\/Wien-4-100x133.jpg 100w, https:\/\/www.lfs-bonn.de\/wp-content\/uploads\/Wien-4-1200x1600.jpg 1200w, https:\/\/www.lfs-bonn.de\/wp-content\/uploads\/Wien-4-scaled.jpg 1920w\" sizes=\"(max-width: 768px) 100vw, 768px\" \/><\/figure>\n<\/figure>\n\n\n\n<p>Zur St\u00e4rkung ging es noch einmal zum Abendessen in das Hotel. Und dann war es auch schon Zeit f\u00fcr den letzten Abendspaziergang. Wir fuhren in die Innenstadt, um ein letztes Mal die beleuchteten Sehensw\u00fcrdigkeiten und das Museumsquartier im Dunkeln zu entdecken. Voller sch\u00f6ner Erinnerungen und spannender Erlebnisse fielen wir ersch\u00f6pft ins Bett.<\/p>\n\n\n\n<p>(<em>Einf\u00fchrungstext, Tagesberichte und Fotos: S. Sommershof und Sch\u00fclerinnen der Jg. 10 und EF)<\/em><\/p>\n","protected":false},"excerpt":{"rendered":"<p>Vom 27. Februar bis zum 4. M\u00e4rz 2025 begaben sich 24 Sch\u00fclerinnen der Jahrgangsstufen 10 und EF auf eine eindrucksvolle Gedenkst\u00e4ttenfahrt nach Wien und Mauthausen. Begleitet von Frau R\u00fcter, Herrn Neu, Frau Sommershof und unterst\u00fctzt vor Ort durch eine Tagungsleitung der Konrad-Adenauer-Stiftung, setzten sie sich intensiv mit der Geschichte des Nationalsozialismus auseinander und besuchten unter anderem historische St\u00e4dte und Erinnerungsorte &#8230; <\/p>\n<div><a href=\"https:\/\/www.lfs-bonn.de\/?p=6225\" class=\"more-link\">Read More<\/a><\/div>\n","protected":false},"author":5,"featured_media":0,"comment_status":"closed","ping_status":"open","sticky":false,"template":"","format":"standard","meta":{"footnotes":""},"categories":[17],"tags":[],"class_list":["post-6225","post","type-post","status-publish","format-standard","hentry","category-aktuell","no-post-thumbnail"],"_links":{"self":[{"href":"https:\/\/www.lfs-bonn.de\/index.php?rest_route=\/wp\/v2\/posts\/6225"}],"collection":[{"href":"https:\/\/www.lfs-bonn.de\/index.php?rest_route=\/wp\/v2\/posts"}],"about":[{"href":"https:\/\/www.lfs-bonn.de\/index.php?rest_route=\/wp\/v2\/types\/post"}],"author":[{"embeddable":true,"href":"https:\/\/www.lfs-bonn.de\/index.php?rest_route=\/wp\/v2\/users\/5"}],"replies":[{"embeddable":true,"href":"https:\/\/www.lfs-bonn.de\/index.php?rest_route=%2Fwp%2Fv2%2Fcomments&post=6225"}],"version-history":[{"count":4,"href":"https:\/\/www.lfs-bonn.de\/index.php?rest_route=\/wp\/v2\/posts\/6225\/revisions"}],"predecessor-version":[{"id":6229,"href":"https:\/\/www.lfs-bonn.de\/index.php?rest_route=\/wp\/v2\/posts\/6225\/revisions\/6229"}],"wp:attachment":[{"href":"https:\/\/www.lfs-bonn.de\/index.php?rest_route=%2Fwp%2Fv2%2Fmedia&parent=6225"}],"wp:term":[{"taxonomy":"category","embeddable":true,"href":"https:\/\/www.lfs-bonn.de\/index.php?rest_route=%2Fwp%2Fv2%2Fcategories&post=6225"},{"taxonomy":"post_tag","embeddable":true,"href":"https:\/\/www.lfs-bonn.de\/index.php?rest_route=%2Fwp%2Fv2%2Ftags&post=6225"}],"curies":[{"name":"wp","href":"https:\/\/api.w.org\/{rel}","templated":true}]}}