{"id":6231,"date":"2025-04-06T19:01:58","date_gmt":"2025-04-06T17:01:58","guid":{"rendered":"https:\/\/www.lfs-bonn.de\/?p=6231"},"modified":"2025-04-06T19:02:00","modified_gmt":"2025-04-06T17:02:00","slug":"engel-der-kulturen-ein-projekt-des-interreligioesen-dialoges-an-der-lfs","status":"publish","type":"post","link":"https:\/\/www.lfs-bonn.de\/?p=6231","title":{"rendered":"Engel der Kulturen- ein Projekt des interreligi\u00f6sen Dialoges an der LFS"},"content":{"rendered":"\n<p>Von Fr\u00fchjahr 2025 bis Ostern 2026 will sich die LFS &#8211; vorrangig im Fach Religion &#8211; mit den gro\u00dfen Religionsgemeinschaften befassen, diese besser kennenlernen und die Wichtigkeit aller Religionen f\u00fcr die Themen Frieden, Gerechtigkeit und Sch\u00f6pfungsverantwortung in den Blick nehmen.<\/p>\n\n\n<div class=\"wp-block-image\">\n<figure class=\"alignleft size-large is-resized\"><img loading=\"lazy\" decoding=\"async\" width=\"1024\" height=\"768\" src=\"https:\/\/www.lfs-bonn.de\/wp-content\/uploads\/Engel-der-Kulturen-GD-1024x768.jpg\" alt=\"\" class=\"wp-image-6233\" style=\"width:442px;height:auto\" srcset=\"https:\/\/www.lfs-bonn.de\/wp-content\/uploads\/Engel-der-Kulturen-GD-1024x768.jpg 1024w, https:\/\/www.lfs-bonn.de\/wp-content\/uploads\/Engel-der-Kulturen-GD-300x225.jpg 300w, https:\/\/www.lfs-bonn.de\/wp-content\/uploads\/Engel-der-Kulturen-GD-768x576.jpg 768w, https:\/\/www.lfs-bonn.de\/wp-content\/uploads\/Engel-der-Kulturen-GD-1536x1152.jpg 1536w, https:\/\/www.lfs-bonn.de\/wp-content\/uploads\/Engel-der-Kulturen-GD-2048x1536.jpg 2048w, https:\/\/www.lfs-bonn.de\/wp-content\/uploads\/Engel-der-Kulturen-GD-100x75.jpg 100w, https:\/\/www.lfs-bonn.de\/wp-content\/uploads\/Engel-der-Kulturen-GD-1200x900.jpg 1200w\" sizes=\"(max-width: 1024px) 100vw, 1024px\" \/><\/figure><\/div>\n\n\n<p>Das Themenjahr hat Ende M\u00e4rz 2025 mit einem gemeinsamen Schulgottesdienst bereits begonnen. In vielen Kursen wird schon seit Jahresanfang am Thema gearbeitet in ganz unterschiedlicher, kreativer Art. Es sind Exkursionen, Begegnungsformate, spirituelle Momente, Theater und Film geplant. In schwierigen Zeiten gilt der Satz des Weltethos-Prinzips: \u201eKein Friede ohne Frieden zwischen den Religionen\u201c. <\/p>\n\n\n\n<p><em>(Text: K. Nolte\/Foto: N. P\u00fctz)<\/em><\/p>\n","protected":false},"excerpt":{"rendered":"<p>Von Fr\u00fchjahr 2025 bis Ostern 2026 will sich die LFS &#8211; vorrangig im Fach Religion &#8211; mit den gro\u00dfen Religionsgemeinschaften befassen, diese besser kennenlernen und die Wichtigkeit aller Religionen f\u00fcr die Themen Frieden, Gerechtigkeit und Sch\u00f6pfungsverantwortung in den Blick nehmen. Das Themenjahr hat Ende M\u00e4rz 2025 mit einem gemeinsamen Schulgottesdienst bereits begonnen. In vielen Kursen wird schon seit Jahresanfang am &#8230; <\/p>\n<div><a href=\"https:\/\/www.lfs-bonn.de\/?p=6231\" class=\"more-link\">Read More<\/a><\/div>\n","protected":false},"author":5,"featured_media":0,"comment_status":"closed","ping_status":"open","sticky":false,"template":"","format":"standard","meta":{"footnotes":""},"categories":[17],"tags":[],"class_list":["post-6231","post","type-post","status-publish","format-standard","hentry","category-aktuell","no-post-thumbnail"],"_links":{"self":[{"href":"https:\/\/www.lfs-bonn.de\/index.php?rest_route=\/wp\/v2\/posts\/6231"}],"collection":[{"href":"https:\/\/www.lfs-bonn.de\/index.php?rest_route=\/wp\/v2\/posts"}],"about":[{"href":"https:\/\/www.lfs-bonn.de\/index.php?rest_route=\/wp\/v2\/types\/post"}],"author":[{"embeddable":true,"href":"https:\/\/www.lfs-bonn.de\/index.php?rest_route=\/wp\/v2\/users\/5"}],"replies":[{"embeddable":true,"href":"https:\/\/www.lfs-bonn.de\/index.php?rest_route=%2Fwp%2Fv2%2Fcomments&post=6231"}],"version-history":[{"count":4,"href":"https:\/\/www.lfs-bonn.de\/index.php?rest_route=\/wp\/v2\/posts\/6231\/revisions"}],"predecessor-version":[{"id":6236,"href":"https:\/\/www.lfs-bonn.de\/index.php?rest_route=\/wp\/v2\/posts\/6231\/revisions\/6236"}],"wp:attachment":[{"href":"https:\/\/www.lfs-bonn.de\/index.php?rest_route=%2Fwp%2Fv2%2Fmedia&parent=6231"}],"wp:term":[{"taxonomy":"category","embeddable":true,"href":"https:\/\/www.lfs-bonn.de\/index.php?rest_route=%2Fwp%2Fv2%2Fcategories&post=6231"},{"taxonomy":"post_tag","embeddable":true,"href":"https:\/\/www.lfs-bonn.de\/index.php?rest_route=%2Fwp%2Fv2%2Ftags&post=6231"}],"curies":[{"name":"wp","href":"https:\/\/api.w.org\/{rel}","templated":true}]}}