{"id":6242,"date":"2025-04-10T16:46:07","date_gmt":"2025-04-10T14:46:07","guid":{"rendered":"https:\/\/www.lfs-bonn.de\/?p=6242"},"modified":"2025-04-10T16:47:01","modified_gmt":"2025-04-10T14:47:01","slug":"voroesterliches-beisammensein","status":"publish","type":"post","link":"https:\/\/www.lfs-bonn.de\/?p=6242","title":{"rendered":"Vor\u00f6sterliches Beisammensein"},"content":{"rendered":"\n<p><strong>Im Rahmen der Mittwochspausen im Meditationsraum wurden dieses Mal Osterkerzen gestaltet. Dabei entstanden viele sch\u00f6ne Werke, die von den Sch\u00fclerinnen mit nach Hause genommen wurden und dort an Ostern feierlich entz\u00fcndet werden.<\/strong><\/p>\n\n\n\n<figure class=\"wp-block-gallery has-nested-images columns-default is-cropped wp-block-gallery-1 is-layout-flex wp-block-gallery-is-layout-flex\">\n<figure class=\"wp-block-image size-large is-style-rounded\"><img loading=\"lazy\" decoding=\"async\" width=\"768\" height=\"1024\" data-id=\"6240\" src=\"https:\/\/www.lfs-bonn.de\/wp-content\/uploads\/Osterkerzen-1-1-768x1024.jpg\" alt=\"\" class=\"wp-image-6240\" srcset=\"https:\/\/www.lfs-bonn.de\/wp-content\/uploads\/Osterkerzen-1-1-768x1024.jpg 768w, https:\/\/www.lfs-bonn.de\/wp-content\/uploads\/Osterkerzen-1-1-225x300.jpg 225w, https:\/\/www.lfs-bonn.de\/wp-content\/uploads\/Osterkerzen-1-1-1152x1536.jpg 1152w, https:\/\/www.lfs-bonn.de\/wp-content\/uploads\/Osterkerzen-1-1-100x133.jpg 100w, https:\/\/www.lfs-bonn.de\/wp-content\/uploads\/Osterkerzen-1-1.jpg 1200w\" sizes=\"(max-width: 768px) 100vw, 768px\" \/><\/figure>\n\n\n\n<figure class=\"wp-block-image size-large is-style-rounded\"><img loading=\"lazy\" decoding=\"async\" width=\"1024\" height=\"768\" data-id=\"6238\" src=\"https:\/\/www.lfs-bonn.de\/wp-content\/uploads\/Osterkerzen-2-1024x768.jpg\" alt=\"\" class=\"wp-image-6238\" srcset=\"https:\/\/www.lfs-bonn.de\/wp-content\/uploads\/Osterkerzen-2-1024x768.jpg 1024w, https:\/\/www.lfs-bonn.de\/wp-content\/uploads\/Osterkerzen-2-300x225.jpg 300w, https:\/\/www.lfs-bonn.de\/wp-content\/uploads\/Osterkerzen-2-768x576.jpg 768w, https:\/\/www.lfs-bonn.de\/wp-content\/uploads\/Osterkerzen-2-1536x1152.jpg 1536w, https:\/\/www.lfs-bonn.de\/wp-content\/uploads\/Osterkerzen-2-100x75.jpg 100w, https:\/\/www.lfs-bonn.de\/wp-content\/uploads\/Osterkerzen-2-1200x900.jpg 1200w, https:\/\/www.lfs-bonn.de\/wp-content\/uploads\/Osterkerzen-2.jpg 1600w\" sizes=\"(max-width: 1024px) 100vw, 1024px\" \/><\/figure>\n<\/figure>\n\n\n\n<p><strong>(Bilder und Text: A. Windhorst-Riede)<\/strong><\/p>\n","protected":false},"excerpt":{"rendered":"<p>Im Rahmen der Mittwochspausen im Meditationsraum wurden dieses Mal Osterkerzen gestaltet. Dabei entstanden viele sch\u00f6ne Werke, die von den Sch\u00fclerinnen mit nach Hause genommen wurden und dort an Ostern feierlich entz\u00fcndet werden. (Bilder und Text: A. Windhorst-Riede)<\/p>\n","protected":false},"author":5,"featured_media":0,"comment_status":"closed","ping_status":"open","sticky":false,"template":"","format":"standard","meta":{"footnotes":""},"categories":[17],"tags":[],"class_list":["post-6242","post","type-post","status-publish","format-standard","hentry","category-aktuell","no-post-thumbnail"],"_links":{"self":[{"href":"https:\/\/www.lfs-bonn.de\/index.php?rest_route=\/wp\/v2\/posts\/6242"}],"collection":[{"href":"https:\/\/www.lfs-bonn.de\/index.php?rest_route=\/wp\/v2\/posts"}],"about":[{"href":"https:\/\/www.lfs-bonn.de\/index.php?rest_route=\/wp\/v2\/types\/post"}],"author":[{"embeddable":true,"href":"https:\/\/www.lfs-bonn.de\/index.php?rest_route=\/wp\/v2\/users\/5"}],"replies":[{"embeddable":true,"href":"https:\/\/www.lfs-bonn.de\/index.php?rest_route=%2Fwp%2Fv2%2Fcomments&post=6242"}],"version-history":[{"count":2,"href":"https:\/\/www.lfs-bonn.de\/index.php?rest_route=\/wp\/v2\/posts\/6242\/revisions"}],"predecessor-version":[{"id":6244,"href":"https:\/\/www.lfs-bonn.de\/index.php?rest_route=\/wp\/v2\/posts\/6242\/revisions\/6244"}],"wp:attachment":[{"href":"https:\/\/www.lfs-bonn.de\/index.php?rest_route=%2Fwp%2Fv2%2Fmedia&parent=6242"}],"wp:term":[{"taxonomy":"category","embeddable":true,"href":"https:\/\/www.lfs-bonn.de\/index.php?rest_route=%2Fwp%2Fv2%2Fcategories&post=6242"},{"taxonomy":"post_tag","embeddable":true,"href":"https:\/\/www.lfs-bonn.de\/index.php?rest_route=%2Fwp%2Fv2%2Ftags&post=6242"}],"curies":[{"name":"wp","href":"https:\/\/api.w.org\/{rel}","templated":true}]}}