{"id":6283,"date":"2025-06-10T13:43:20","date_gmt":"2025-06-10T11:43:20","guid":{"rendered":"https:\/\/www.lfs-bonn.de\/?p=6283"},"modified":"2025-06-10T13:48:24","modified_gmt":"2025-06-10T11:48:24","slug":"altenbergwallfahrt-der-sechsten-klassen","status":"publish","type":"post","link":"https:\/\/www.lfs-bonn.de\/?p=6283","title":{"rendered":"Altenbergwallfahrt der sechsten Klassen"},"content":{"rendered":"\n<p>\u201eWir tragen unsere Bitten zu Gott!\u201c &#8211; unter diesem Leitwort waren unsere sechsten Klassen unterwegs bei der diesj\u00e4hrigen Altenbergwallfahrt. Sie waren in St. Michael in Neschen gestartet, um von dort aus zum Altenberger Dom zu pilgern. Auf dem Weg dorthin schrieben sie ihre Bitten auf, die nachher am Wallfahrtskreuz ihren Platz fanden. In Altenberg feierten sie mit Weihbischof Steinh\u00e4user und Sch\u00fclerinnen und Sch\u00fclern sechs anderer erzbisch\u00f6flicher Schulen einen Wortgottesdienst, bei dem einige unserer Sch\u00fclerinnen als Ministrantinnen mitwirkten.<br>Vor dem Gottesdienst gab es noch Schokobr\u00f6tchen zur St\u00e4rkung. F\u00fcr die Sch\u00fclerinnen und alle, die sie begleitet haben, war es, angefangen von der kurzen Andacht in St. Michael \u00fcber die Wanderung zum Dom und das Picknick bis zum Gottesdienst, ein besonderer Tag.\u00a0<\/p>\n\n\n\n<p><em>Text und Bilder: Andrea Windhorst-Riede<\/em><\/p>\n\n\n\n<figure class=\"wp-block-image size-large\"><img loading=\"lazy\" decoding=\"async\" width=\"768\" height=\"1024\" src=\"https:\/\/www.lfs-bonn.de\/wp-content\/uploads\/IMG-20250606-WA0000-768x1024.jpg\" alt=\"\" class=\"wp-image-6281\" srcset=\"https:\/\/www.lfs-bonn.de\/wp-content\/uploads\/IMG-20250606-WA0000-768x1024.jpg 768w, https:\/\/www.lfs-bonn.de\/wp-content\/uploads\/IMG-20250606-WA0000-225x300.jpg 225w, https:\/\/www.lfs-bonn.de\/wp-content\/uploads\/IMG-20250606-WA0000-1152x1536.jpg 1152w, https:\/\/www.lfs-bonn.de\/wp-content\/uploads\/IMG-20250606-WA0000-100x133.jpg 100w, https:\/\/www.lfs-bonn.de\/wp-content\/uploads\/IMG-20250606-WA0000.jpg 1200w\" sizes=\"(max-width: 768px) 100vw, 768px\" \/><\/figure>\n\n\n\n<figure class=\"wp-block-image size-large\"><img loading=\"lazy\" decoding=\"async\" width=\"768\" height=\"1024\" src=\"https:\/\/www.lfs-bonn.de\/wp-content\/uploads\/IMG-20250606-WA0001-768x1024.jpg\" alt=\"\" class=\"wp-image-6282\" srcset=\"https:\/\/www.lfs-bonn.de\/wp-content\/uploads\/IMG-20250606-WA0001-768x1023.jpg 768w, https:\/\/www.lfs-bonn.de\/wp-content\/uploads\/IMG-20250606-WA0001-225x300.jpg 225w, https:\/\/www.lfs-bonn.de\/wp-content\/uploads\/IMG-20250606-WA0001-1153x1536.jpg 1153w, https:\/\/www.lfs-bonn.de\/wp-content\/uploads\/IMG-20250606-WA0001-100x133.jpg 100w, https:\/\/www.lfs-bonn.de\/wp-content\/uploads\/IMG-20250606-WA0001.jpg 1200w\" sizes=\"(max-width: 768px) 100vw, 768px\" \/><\/figure>\n","protected":false},"excerpt":{"rendered":"<p>\u201eWir tragen unsere Bitten zu Gott!\u201c &#8211; unter diesem Leitwort waren unsere sechsten Klassen unterwegs bei der diesj\u00e4hrigen Altenbergwallfahrt. Sie waren in St. Michael in Neschen gestartet, um von dort aus zum Altenberger Dom zu pilgern. Auf dem Weg dorthin schrieben sie ihre Bitten auf, die nachher am Wallfahrtskreuz ihren Platz fanden. In Altenberg feierten sie mit Weihbischof Steinh\u00e4user und &#8230; <\/p>\n<div><a href=\"https:\/\/www.lfs-bonn.de\/?p=6283\" class=\"more-link\">Read More<\/a><\/div>\n","protected":false},"author":6,"featured_media":0,"comment_status":"closed","ping_status":"open","sticky":false,"template":"","format":"standard","meta":{"footnotes":""},"categories":[17],"tags":[],"class_list":["post-6283","post","type-post","status-publish","format-standard","hentry","category-aktuell","no-post-thumbnail"],"_links":{"self":[{"href":"https:\/\/www.lfs-bonn.de\/index.php?rest_route=\/wp\/v2\/posts\/6283"}],"collection":[{"href":"https:\/\/www.lfs-bonn.de\/index.php?rest_route=\/wp\/v2\/posts"}],"about":[{"href":"https:\/\/www.lfs-bonn.de\/index.php?rest_route=\/wp\/v2\/types\/post"}],"author":[{"embeddable":true,"href":"https:\/\/www.lfs-bonn.de\/index.php?rest_route=\/wp\/v2\/users\/6"}],"replies":[{"embeddable":true,"href":"https:\/\/www.lfs-bonn.de\/index.php?rest_route=%2Fwp%2Fv2%2Fcomments&post=6283"}],"version-history":[{"count":2,"href":"https:\/\/www.lfs-bonn.de\/index.php?rest_route=\/wp\/v2\/posts\/6283\/revisions"}],"predecessor-version":[{"id":6285,"href":"https:\/\/www.lfs-bonn.de\/index.php?rest_route=\/wp\/v2\/posts\/6283\/revisions\/6285"}],"wp:attachment":[{"href":"https:\/\/www.lfs-bonn.de\/index.php?rest_route=%2Fwp%2Fv2%2Fmedia&parent=6283"}],"wp:term":[{"taxonomy":"category","embeddable":true,"href":"https:\/\/www.lfs-bonn.de\/index.php?rest_route=%2Fwp%2Fv2%2Fcategories&post=6283"},{"taxonomy":"post_tag","embeddable":true,"href":"https:\/\/www.lfs-bonn.de\/index.php?rest_route=%2Fwp%2Fv2%2Ftags&post=6283"}],"curies":[{"name":"wp","href":"https:\/\/api.w.org\/{rel}","templated":true}]}}