{"id":6711,"date":"2026-09-03T10:28:37","date_gmt":"2026-09-03T08:28:37","guid":{"rendered":"https:\/\/www.lfs-bonn.de\/?p=6711"},"modified":"2026-09-03T10:28:38","modified_gmt":"2026-09-03T08:28:38","slug":"natuerlich-blond-das-musical-im-september-2026-in-der-liebfrauenschule","status":"publish","type":"post","link":"https:\/\/www.lfs-bonn.de\/?p=6711","title":{"rendered":"&#8222;Nat\u00fcrlich Blond &#8211; Das Musical&#8220; im September 2026 in der Liebfrauenschule"},"content":{"rendered":"\n<p>Sehr geehrte Eltern, liebe Sch\u00fclerinnen,\u00a0<\/p>\n\n\n\n<p>in der Aula unserer Liebfrauenschule wird das Musical &#8222;Nat\u00fcrlich Blond&#8220; an den Samstagen, 12. und 19.09. um 19:00 sowie an den Sonntagen, 13. und 20.09. um 17:00 Uhr dargeboten.<\/p>\n\n\n\n<p>Da das Musical in unserem Haus aufgef\u00fchrt wird und viele LFS-Sch\u00fclerinnen beteiligt sind, machen wir Sie gerne auf die Veranstaltung aufmerksam.<\/p>\n\n\n\n<p>Pr\u00e4sentiert wird das Broadway-Erfolgsmusical von dem Jungen Musical Bonn, einer neuen Amateur Musical Company aus Bonn, die einem jeden, der das Musical liebt, viel Freude f\u00fcr wenig Geld an dem urkomischen und zugleich tiefgr\u00fcndigen Musical &#8222;Nat\u00fcrlich Blond&#8220; bereitet.<\/p>\n\n\n\n<p>Das Team besteht zu einem Teil aus Liebfrauensch\u00fclerinnen &#8211; aktuellen und ehemaligen. Wie wir es seit jeher kennen, bringt die neue Formation&nbsp;aus Bonn und Umgebung das St\u00fcck voller Spielfreude schwungvoll auf unsere B\u00fchne.&nbsp;<\/p>\n\n\n\n<p>Das ber\u00fchmte Musical hat Power, ist absolut mitrei\u00dfend und f\u00fcr den echten Broadway-Sound sorgt ein 13-k\u00f6pfiges Live-Orchester!<\/p>\n\n\n\n<p>Mit kritisch reflektierenden und \u00e4u\u00dferst vergn\u00fcglichen Momenten verspricht die Darbietung einen lohnenswerten und farbenfrohen Musicalabend in Bonn, in unserer Schule.<\/p>\n\n\n\n<p>Das Junge Musical Bonn freut sich auf Ihren Besuch!<\/p>\n\n\n\n<p>Tickets und mehr Informationen:<\/p>\n\n\n\n<p><a href=\"https:\/\/jumubonn.de\/\">https:\/\/jumubonn.de\/<\/a><\/p>\n\n\n\n<p>Keine Parkm\u00f6glichkeit auf dem Schulhof.&nbsp;<\/p>\n","protected":false},"excerpt":{"rendered":"<p>Sehr geehrte Eltern, liebe Sch\u00fclerinnen,\u00a0 in der Aula unserer Liebfrauenschule wird das Musical &#8222;Nat\u00fcrlich Blond&#8220; an den Samstagen, 12. und 19.09. um 19:00 sowie an den Sonntagen, 13. und 20.09. um 17:00 Uhr dargeboten. Da das Musical in unserem Haus aufgef\u00fchrt wird und viele LFS-Sch\u00fclerinnen beteiligt sind, machen wir Sie gerne auf die Veranstaltung aufmerksam. Pr\u00e4sentiert wird das Broadway-Erfolgsmusical von &#8230; <\/p>\n<div><a href=\"https:\/\/www.lfs-bonn.de\/?p=6711\" class=\"more-link\">Read More<\/a><\/div>\n","protected":false},"author":6,"featured_media":0,"comment_status":"closed","ping_status":"open","sticky":false,"template":"","format":"standard","meta":{"footnotes":""},"categories":[18],"tags":[],"class_list":["post-6711","post","type-post","status-publish","format-standard","hentry","category-veranstaltung","no-post-thumbnail"],"_links":{"self":[{"href":"https:\/\/www.lfs-bonn.de\/index.php?rest_route=\/wp\/v2\/posts\/6711"}],"collection":[{"href":"https:\/\/www.lfs-bonn.de\/index.php?rest_route=\/wp\/v2\/posts"}],"about":[{"href":"https:\/\/www.lfs-bonn.de\/index.php?rest_route=\/wp\/v2\/types\/post"}],"author":[{"embeddable":true,"href":"https:\/\/www.lfs-bonn.de\/index.php?rest_route=\/wp\/v2\/users\/6"}],"replies":[{"embeddable":true,"href":"https:\/\/www.lfs-bonn.de\/index.php?rest_route=%2Fwp%2Fv2%2Fcomments&post=6711"}],"version-history":[{"count":1,"href":"https:\/\/www.lfs-bonn.de\/index.php?rest_route=\/wp\/v2\/posts\/6711\/revisions"}],"predecessor-version":[{"id":6712,"href":"https:\/\/www.lfs-bonn.de\/index.php?rest_route=\/wp\/v2\/posts\/6711\/revisions\/6712"}],"wp:attachment":[{"href":"https:\/\/www.lfs-bonn.de\/index.php?rest_route=%2Fwp%2Fv2%2Fmedia&parent=6711"}],"wp:term":[{"taxonomy":"category","embeddable":true,"href":"https:\/\/www.lfs-bonn.de\/index.php?rest_route=%2Fwp%2Fv2%2Fcategories&post=6711"},{"taxonomy":"post_tag","embeddable":true,"href":"https:\/\/www.lfs-bonn.de\/index.php?rest_route=%2Fwp%2Fv2%2Ftags&post=6711"}],"curies":[{"name":"wp","href":"https:\/\/api.w.org\/{rel}","templated":true}]}}